{"id":5412,"date":"2023-07-07T18:05:32","date_gmt":"2023-07-07T21:05:32","guid":{"rendered":"http:\/\/ecen.com.br\/?p=5412"},"modified":"2023-07-09T22:50:31","modified_gmt":"2023-07-10T01:50:31","slug":"cesare-marchetti-obituario","status":"publish","type":"post","link":"https:\/\/www.ecen.com.br\/?p=5412","title":{"rendered":"Cesare Marchetti &#8211; Obitu\u00e1rio"},"content":{"rendered":"\t\t<div data-elementor-type=\"wp-post\" data-elementor-id=\"5412\" class=\"elementor elementor-5412\">\n\t\t\t\t\t\t<div class=\"elementor-inner\">\n\t\t\t\t<div class=\"elementor-section-wrap\">\n\t\t\t\t\t\t\t\t\t<section class=\"elementor-section elementor-top-section elementor-element elementor-element-fc40e56 elementor-section-boxed elementor-section-height-default elementor-section-height-default\" data-id=\"fc40e56\" data-element_type=\"section\">\n\t\t\t\t\t\t<div class=\"elementor-container elementor-column-gap-default\">\n\t\t\t\t\t\t\t<div class=\"elementor-row\">\n\t\t\t\t\t<div class=\"elementor-column elementor-col-100 elementor-top-column elementor-element elementor-element-4a17548\" data-id=\"4a17548\" data-element_type=\"column\">\n\t\t\t<div class=\"elementor-column-wrap elementor-element-populated\">\n\t\t\t\t\t\t\t<div class=\"elementor-widget-wrap\">\n\t\t\t\t\t\t<div class=\"elementor-element elementor-element-b5c33d5 elementor-widget elementor-widget-text-editor\" data-id=\"b5c33d5\" data-element_type=\"widget\" data-widget_type=\"text-editor.default\">\n\t\t\t\t<div class=\"elementor-widget-container\">\n\t\t\t\t\t\t\t\t<div class=\"elementor-text-editor elementor-clearfix\">\n\t\t\t\t<h1 class=\"entry-title\">Cesare Marchetti\u00a0<\/h1><p>\u00a0<img loading=\"lazy\" class=\"size-full wp-image-5413 aligncenter\" src=\"http:\/\/ecen.com.br\/wp-content\/uploads\/2023\/07\/Imagemmarchetti.png\" alt=\"\" width=\"130\" height=\"130\" data-wp-pid=\"5413\" data-pin-nopin=\"nopin\" srcset=\"https:\/\/www.ecen.com.br\/wp-content\/uploads\/2023\/07\/Imagemmarchetti.png 130w, https:\/\/www.ecen.com.br\/wp-content\/uploads\/2023\/07\/Imagemmarchetti-100x100.png 100w\" sizes=\"(max-width: 130px) 100vw, 130px\" \/>\u00a0<\/p><p>O f\u00edsico Cesare Marchetti faleceu em 16 de abril deste ano em Toscana, pouco antes de completar 96 anos tendo nascido em Lucca, It\u00e1lia em 12 de maio de 1927. Ele ficou conhecido principalmente por seus trabalhos na \u00e1rea de tecnologias energ\u00e9ticas e an\u00e1lise de sistemas com aplica\u00e7\u00e3o de equa\u00e7\u00f5es log\u00edsticas.<\/p><p>No ano de 1948, ele formou-se em F\u00edsica pela S<em>cuola Normale Superiore <\/em>em Pisa e, em 1949, obteve uma bolsa de estudos no Instituto Niels Bohr em Copenhague.<\/p><p>Desenvolveu a descri\u00e7\u00e3o de fen\u00f4menos complexos em diversos ramos do conhecimento aplicando, muitas vezes, uma abordagem matem\u00e1tica simples, a partir das equa\u00e7\u00f5es de Lotka-Volterra. Tamb\u00e9m se interessou pela an\u00e1lise de ciclos temporais associados a diversos fen\u00f4menos socioecon\u00f4micos, a maioria relacionados ao hemisf\u00e9rio ocidental.<\/p><p>No Brasil, o tamb\u00e9m f\u00edsico Jos\u00e9 Israel Vargas<a href=\"#_ftn1\" name=\"_ftnref1\">[1]<\/a> que manteve com ele prof\u00edcuo di\u00e1logo, aplicou sua metodologia a v\u00e1rios casos, muitos deles envolvendo fen\u00f4menos brasileiros como consta em artigo seu no livro <em>Science in Brazil <\/em>editado pela Academia Brasileira de Ci\u00eancias \u2013 ABC em 2002. A seu convite, Cesare Marchetti esteve no Brasil, no ano de 1986, em programa patrocinado pela IBM que incluiu palestras na Academia Brasileira de Ci\u00eancias (09\/11\/1986) e em outras institui\u00e7\u00f5es governamentais e de pesquisa.<\/p><p>Muitos dos trabalhos do ex-ministro Vargas, aplicando a metodologia de Marchetti. como \u201cA Prospectiva Tecnol\u00f3gica: Previs\u00e3o com um Simples Modelo Matem\u00e1tico\u201d (em 2004) foram publicados na Revista Economia Energia &#8211; E&amp;E tendo como autores o pr\u00f3prio ex- ministro e outros colaboradores.<\/p><p>A partir de 1974, Marchetti trabalhou como analista de sistemas no IIASA \u2013 <em>International Institute for Applied System Analysis<\/em>, em Laxenburg, \u00c1ustria. Nos primeiros 10 anos dedicou particular aten\u00e7\u00e3o ao dom\u00ednio da energia, alargando depois a \u00e1rea de investiga\u00e7\u00e3o e aplica\u00e7\u00e3o da An\u00e1lise de Sistemas em dom\u00ednios muito diversificados como: inova\u00e7\u00e3o tecnol\u00f3gica, evolu\u00e7\u00e3o dos sistemas econ\u00f3micos e sociais, din\u00e2mica da popula\u00e7\u00e3o, sistemas de transporte, processos hist\u00f3ricos, eventos b\u00e9licos, sistemas banc\u00e1rios, bem como os ciclos criativos de m\u00fasicos, pintores e cientistas, a evolu\u00e7\u00e3o dos limites do conhecimento e a din\u00e2mica dos imp\u00e9rios e das religi\u00f5es. Essas an\u00e1lises revelaram o papel fundamental das equa\u00e7\u00f5es log\u00edsticas na descri\u00e7\u00e3o e previs\u00e3o nessas \u00e1reas.<\/p><p>Ele ainda manteve seu relacionamento com o IIASA como pesquisador s\u00eanior, dividindo seu tempo entre Laxemburg e sua <em>villa <\/em>entre vinhedos e olivais nas colinas ao norte de Floren\u00e7a.<\/p><p>Antes de dedicar-se a estes temas Cesare Marchetti trabalhou na \u00e1rea energ\u00e9tica com destaque para a \u00e1rea nuclear e de uso do hidrog\u00eanio.<\/p><p>Entre 1950 e 1955, em Mil\u00e3o, no Instituto CISE (Centro de Estudos de Informa\u00e7\u00e3o Enel e Montecatini) foi pesquisador no campo da energia nuclear e estudou os m\u00e9todos de produ\u00e7\u00e3o de \u00e1gua pesada e colaborou com o Instituto de Bariloche na Argentina.<\/p><p>De 1956 a 1958 no <em>Battelle Institute<\/em>, em Genebra, trabalhou em qu\u00edmica aplicada aos sistemas mec\u00e2nicos de rel\u00f3gios e em particular em lubrificantes e fric\u00e7\u00e3o, tendo concebido um lubrificante gasoso selado no interior de rel\u00f3gios mec\u00e2nicos.<\/p><p>Em 1958 foi chefe da Divis\u00e3o de F\u00edsico-Qu\u00edmica da empresa <em>Agip Nucleare<\/em>, com pesquisas aplicadas a sistemas de gera\u00e7\u00e3o nuclear.<\/p><p>De 1959 a 1973, foi Diretor da Divis\u00e3o de Materiais nos Centros de Pesquisa de Ispra (It\u00e1lia) e Petten (Holanda), que fazem parte do <em>Joint Research Center <\/em>(JRC) da EURATOM. No in\u00edcio deste per\u00edodo (1959-60), passou dois anos no Canad\u00e1 como representante da EURATOM para pesquisas sobre otimiza\u00e7\u00e3o de reatores nucleares.<\/p><p>Nesse \u00ednterim, a partir de 1950, ele prestou vinte anos de consultoria \u00e0 General Electric em Schenectady e Fairfield (EUA) para previs\u00e3o e solu\u00e7\u00e3o de problemas. Um desenvolvimento not\u00e1vel na GE foi a aplica\u00e7\u00e3o da tecnologia de turbinas a g\u00e1s, j\u00e1 utilizadas como motores de avi\u00f5es, para produzir eletricidade. Na vers\u00e3o aperfei\u00e7oada por Marchetti, o rendimento subiu de 40 para 65%.<\/p><p>As curvas log\u00edsticas de Marchetti t\u00eam o perfil em esse alongado onde o crescimento de uma vari\u00e1vel na natureza acaba encontrando um ponto de m\u00e1ximo. Um dos exemplos pelo qual ele ficou mais conhecido \u00e9 a chamada Constante de Marchetti, que postula que a quantidade de tempo que o homem dedica, diariamente, para viagens \u00e9 um pouco acima de uma hora, desde o in\u00edcio de sua exist\u00eancia e em todos os lugares. Assim o raio de crescimento das aglomera\u00e7\u00f5es humanas (hoje cidades) \u00e9 determinado por esse tempo de deslocamento que antes era a dist\u00e2ncia que o homem percorria a p\u00e9 e foi aumentando com a velocidade do transporte. Isto estaria antropologicamente enraizado no <em>homo sapiens <\/em>a partir dos perigos que ele enfrenta quando est\u00e1 fora de um ambiente protegido.<\/p><p>Entre seus achados estat\u00edsticos ele comentou com o professor Vargas que, como ele, tinha sempre as m\u00e3os frias e que isto estaria associado a uma frequ\u00eancia de batidas do cora\u00e7\u00e3o abaixo da m\u00e9dia. Haveria, como na maioria dos outros casos que estudou, um \u201cnicho\u201d a ser ocupado. No caso, haveria um limite no n\u00famero total de batidas para o cora\u00e7\u00e3o humano durante a vida. Ele prognosticava para os dois uma longa vida. Ele tinha raz\u00e3o, o que n\u00e3o se sabe \u00e9 se isto inclu\u00eda o item lucidez que ambos conservam ou conservaram.<\/p><blockquote>Este obitu\u00e1rio foi publicado pela Academia de Ci\u00eancias do Brasil em julho de 2023<\/blockquote><p>_______________________________<\/p><p>Nota: Grande parte das informa\u00e7\u00f5es aqui inclu\u00eddas est\u00e3o dispon\u00edveis no \u201csaite\u201d do pr\u00f3prio Marchetti <a href=\"http:\/\/cesaremarchetti.altervista.org\/\">http:\/\/cesaremarchetti.altervista.org\/<\/a><\/p><p>\u00a0<\/p><p><a href=\"#_ftnref1\" name=\"_ftn1\">[1]<\/a> J. I. Vargas \u00e9 qu\u00edmico de forma\u00e7\u00e3o, mas a maior parte de seus trabalhos acad\u00eamicos foram na \u00e1rea de F\u00edsica.<\/p>\t\t\t\t\t<\/div>\n\t\t\t\t\t\t<\/div>\n\t\t\t\t<\/div>\n\t\t\t\t\t\t<\/div>\n\t\t\t\t\t<\/div>\n\t\t<\/div>\n\t\t\t\t\t\t\t\t<\/div>\n\t\t\t\t\t<\/div>\n\t\t<\/section>\n\t\t\t\t\t\t\t\t\t<\/div>\n\t\t\t<\/div>\n\t\t\t\t\t<\/div>\n\t\t","protected":false},"excerpt":{"rendered":"<p>Cesare Marchetti\u00a0 \u00a0\u00a0 O f\u00edsico Cesare Marchetti faleceu em 16 de abril deste ano em Toscana, pouco antes de completar 96 anos tendo nascido em Lucca, It\u00e1lia em 12 de maio de 1927. Ele ficou conhecido principalmente por seus trabalhos na \u00e1rea de tecnologias energ\u00e9ticas e an\u00e1lise de sistemas com aplica\u00e7\u00e3o de equa\u00e7\u00f5es log\u00edsticas. No &hellip; <\/p>\n<p class=\"link-more\"><a href=\"https:\/\/www.ecen.com.br\/?p=5412\" class=\"more-link\">Continue lendo<span class=\"screen-reader-text\"> &#8220;Cesare Marchetti &#8211; Obitu\u00e1rio&#8221;<\/span><\/a><\/p>\n","protected":false},"author":1,"featured_media":5413,"comment_status":"open","ping_status":"closed","sticky":false,"template":"","format":"standard","meta":[],"categories":[1],"tags":[139,140,138,137,141,142],"_links":{"self":[{"href":"https:\/\/www.ecen.com.br\/index.php?rest_route=\/wp\/v2\/posts\/5412"}],"collection":[{"href":"https:\/\/www.ecen.com.br\/index.php?rest_route=\/wp\/v2\/posts"}],"about":[{"href":"https:\/\/www.ecen.com.br\/index.php?rest_route=\/wp\/v2\/types\/post"}],"author":[{"embeddable":true,"href":"https:\/\/www.ecen.com.br\/index.php?rest_route=\/wp\/v2\/users\/1"}],"replies":[{"embeddable":true,"href":"https:\/\/www.ecen.com.br\/index.php?rest_route=%2Fwp%2Fv2%2Fcomments&post=5412"}],"version-history":[{"count":41,"href":"https:\/\/www.ecen.com.br\/index.php?rest_route=\/wp\/v2\/posts\/5412\/revisions"}],"predecessor-version":[{"id":5480,"href":"https:\/\/www.ecen.com.br\/index.php?rest_route=\/wp\/v2\/posts\/5412\/revisions\/5480"}],"wp:featuredmedia":[{"embeddable":true,"href":"https:\/\/www.ecen.com.br\/index.php?rest_route=\/wp\/v2\/media\/5413"}],"wp:attachment":[{"href":"https:\/\/www.ecen.com.br\/index.php?rest_route=%2Fwp%2Fv2%2Fmedia&parent=5412"}],"wp:term":[{"taxonomy":"category","embeddable":true,"href":"https:\/\/www.ecen.com.br\/index.php?rest_route=%2Fwp%2Fv2%2Fcategories&post=5412"},{"taxonomy":"post_tag","embeddable":true,"href":"https:\/\/www.ecen.com.br\/index.php?rest_route=%2Fwp%2Fv2%2Ftags&post=5412"}],"curies":[{"name":"wp","href":"https:\/\/api.w.org\/{rel}","templated":true}]}}